{"id":16287,"date":"2021-11-30T13:27:47","date_gmt":"2021-11-30T13:27:47","guid":{"rendered":"https:\/\/www.enusa.es\/?p=16287"},"modified":"2024-02-14T13:04:21","modified_gmt":"2024-02-14T12:04:21","slug":"enusa-esta-presente-en-el-foro-gaceta-de-salamanca-sobre-innovacion-y-tecnologia","status":"publish","type":"post","link":"https:\/\/www.enusa.es\/en\/enusa-esta-presente-en-el-foro-gaceta-de-salamanca-sobre-innovacion-y-tecnologia\/","title":{"rendered":"ENUSA est\u00e1 presente en el Foro Gaceta de Salamanca sobre innovaci\u00f3n y tecnolog\u00eda"},"content":{"rendered":"<blockquote>\n<h4>\u00abEl futuro de Salamanca est\u00e1 aqu\u00ed: El desaf\u00edo del desarrollo basado en nuevas tecnolog\u00edas, innovaci\u00f3n y exportaci\u00f3n\u00bb fue el lema de este Foro<\/h4>\n<\/blockquote>\n<p>Javier Montes, director de Sistemas, Transformaci\u00f3n Digital y Calidad de ENUSA acudi\u00f3 el pasado 30 de noviembre al Foro Gaceta de Salamanca sobre innovaci\u00f3n y tecnolog\u00eda.<\/p>\n<p>Se trata de un encuentro para analizar las oportunidades de negocio de la regi\u00f3n y las claves para adaptarse a un entorno cambiante y competitivo. Adem\u00e1s, en este evento se han podido poner en com\u00fan diferentes enfoques y planteamientos sobre la innovaci\u00f3n, la tecnolog\u00eda y la importancia de la transformaci\u00f3n digital. En palabras de Javier Montes: \u00abLa transformaci\u00f3n digital es la llave del futuro de las empresas. En ENUSA forma parte de nuestros principios y valores\u00bb<\/p>\n<p>Comparti\u00f3 espacio con los tambi\u00e9n ponentes Carlos Mart\u00edn Tobalina, Viceconsejero de Econom\u00eda y Competitividad de la Junta de Castilla y Le\u00f3n; Alfonso Jos\u00e9 L\u00f3pez Rivero, Catedr\u00e1tico de Inform\u00e1tica de la Universidad Pontificia de Salamanca y C\u00e9sar Pontvianne de la Maza, presidente de Iberaval.<\/p>\n<p><img loading=\"lazy\" decoding=\"async\" class=\"size-large wp-image-16285 aligncenter\" src=\"https:\/\/www.enusa.es\/wp-content\/uploads\/2021\/12\/montes-1024x563.jpg\" alt=\"\" width=\"1024\" height=\"563\" \/><\/p>","protected":false},"excerpt":{"rendered":"<p>\u00abEl futuro de Salamanca est\u00e1 aqu\u00ed: El desaf\u00edo del desarrollo basado en nuevas tecnolog\u00edas, innovaci\u00f3n y exportaci\u00f3n\u00bb fue el lema de este Foro Javier Montes, director de Sistemas, Transformaci\u00f3n Digital y Calidad de ENUSA acudi\u00f3 el pasado 30 de noviembre al Foro Gaceta de Salamanca sobre innovaci\u00f3n y tecnolog\u00eda. Se trata de un encuentro para [&hellip;]<\/p>\n","protected":false},"author":1,"featured_media":20862,"comment_status":"closed","ping_status":"closed","sticky":false,"template":"","format":"standard","meta":{"_et_pb_use_builder":"","_et_pb_old_content":"","_et_gb_content_width":"","footnotes":""},"categories":[51],"tags":[],"class_list":["post-16287","post","type-post","status-publish","format-standard","has-post-thumbnail","hentry","category-noticias"],"yoast_head":"<!-- This site is optimized with the Yoast SEO plugin v26.9 - https:\/\/yoast.com\/product\/yoast-seo-wordpress\/ -->\n<title>Javier Montes acude al Foro Gaceta de Salamanca<\/title>\n<meta name=\"description\" content=\"Javier Montes, director de Sistemas, Transformaci\u00f3n Digital y Calidad de ENUSA acude al Foro Gaceta de Salamanca sobre innovaci\u00f3n.\" \/>\n<meta name=\"robots\" content=\"index, follow, max-snippet:-1, max-image-preview:large, max-video-preview:-1\" \/>\n<link rel=\"canonical\" href=\"https:\/\/www.enusa.es\/en\/enusa-esta-presente-en-el-foro-gaceta-de-salamanca-sobre-innovacion-y-tecnologia\/\" \/>\n<meta property=\"og:locale\" content=\"en_GB\" \/>\n<meta property=\"og:type\" content=\"article\" \/>\n<meta property=\"og:title\" content=\"Javier Montes acude al Foro Gaceta de Salamanca\" \/>\n<meta property=\"og:description\" content=\"Javier Montes, director de Sistemas, Transformaci\u00f3n Digital y Calidad de ENUSA acude al Foro Gaceta de Salamanca sobre innovaci\u00f3n.\" \/>\n<meta property=\"og:url\" content=\"https:\/\/www.enusa.es\/en\/enusa-esta-presente-en-el-foro-gaceta-de-salamanca-sobre-innovacion-y-tecnologia\/\" \/>\n<meta property=\"og:site_name\" content=\"ENUSA | A company for the future\" \/>\n<meta property=\"article:published_time\" content=\"2021-11-30T13:27:47+00:00\" \/>\n<meta property=\"article:modified_time\" content=\"2024-02-14T12:04:21+00:00\" \/>\n<meta name=\"author\" content=\"admin\" \/>\n<meta name=\"twitter:card\" content=\"summary_large_image\" \/>\n<meta name=\"twitter:label1\" content=\"Written by\" \/>\n\t<meta name=\"twitter:data1\" content=\"admin\" \/>\n\t<meta name=\"twitter:label2\" content=\"Estimated reading time\" \/>\n\t<meta name=\"twitter:data2\" content=\"1 minute\" \/>\n<script type=\"application\/ld+json\" class=\"yoast-schema-graph\">{\"@context\":\"https:\/\/schema.org\",\"@graph\":[{\"@type\":\"Article\",\"@id\":\"https:\/\/www.enusa.es\/enusa-esta-presente-en-el-foro-gaceta-de-salamanca-sobre-innovacion-y-tecnologia\/#article\",\"isPartOf\":{\"@id\":\"https:\/\/www.enusa.es\/enusa-esta-presente-en-el-foro-gaceta-de-salamanca-sobre-innovacion-y-tecnologia\/\"},\"author\":{\"name\":\"admin\",\"@id\":\"https:\/\/www.enusa.es\/#\/schema\/person\/73d26d37c3085056c46d2e7d987fe9ce\"},\"headline\":\"ENUSA est\u00e1 presente en el Foro Gaceta de Salamanca sobre innovaci\u00f3n y tecnolog\u00eda\",\"datePublished\":\"2021-11-30T13:27:47+00:00\",\"dateModified\":\"2024-02-14T12:04:21+00:00\",\"mainEntityOfPage\":{\"@id\":\"https:\/\/www.enusa.es\/enusa-esta-presente-en-el-foro-gaceta-de-salamanca-sobre-innovacion-y-tecnologia\/\"},\"wordCount\":204,\"image\":{\"@id\":\"https:\/\/www.enusa.es\/enusa-esta-presente-en-el-foro-gaceta-de-salamanca-sobre-innovacion-y-tecnologia\/#primaryimage\"},\"thumbnailUrl\":\"https:\/\/www.enusa.es\/wp-content\/uploads\/2024\/02\/posts_image_placeholder3.jpg\",\"articleSection\":[\"Noticias\"],\"inLanguage\":\"en-GB\"},{\"@type\":\"WebPage\",\"@id\":\"https:\/\/www.enusa.es\/enusa-esta-presente-en-el-foro-gaceta-de-salamanca-sobre-innovacion-y-tecnologia\/\",\"url\":\"https:\/\/www.enusa.es\/enusa-esta-presente-en-el-foro-gaceta-de-salamanca-sobre-innovacion-y-tecnologia\/\",\"name\":\"Javier Montes acude al Foro Gaceta de Salamanca\",\"isPartOf\":{\"@id\":\"https:\/\/www.enusa.es\/#website\"},\"primaryImageOfPage\":{\"@id\":\"https:\/\/www.enusa.es\/enusa-esta-presente-en-el-foro-gaceta-de-salamanca-sobre-innovacion-y-tecnologia\/#primaryimage\"},\"image\":{\"@id\":\"https:\/\/www.enusa.es\/enusa-esta-presente-en-el-foro-gaceta-de-salamanca-sobre-innovacion-y-tecnologia\/#primaryimage\"},\"thumbnailUrl\":\"https:\/\/www.enusa.es\/wp-content\/uploads\/2024\/02\/posts_image_placeholder3.jpg\",\"datePublished\":\"2021-11-30T13:27:47+00:00\",\"dateModified\":\"2024-02-14T12:04:21+00:00\",\"author\":{\"@id\":\"https:\/\/www.enusa.es\/#\/schema\/person\/73d26d37c3085056c46d2e7d987fe9ce\"},\"description\":\"Javier Montes, director de Sistemas, Transformaci\u00f3n Digital y Calidad de ENUSA acude al Foro Gaceta de Salamanca sobre innovaci\u00f3n.\",\"breadcrumb\":{\"@id\":\"https:\/\/www.enusa.es\/enusa-esta-presente-en-el-foro-gaceta-de-salamanca-sobre-innovacion-y-tecnologia\/#breadcrumb\"},\"inLanguage\":\"en-GB\",\"potentialAction\":[{\"@type\":\"ReadAction\",\"target\":[\"https:\/\/www.enusa.es\/enusa-esta-presente-en-el-foro-gaceta-de-salamanca-sobre-innovacion-y-tecnologia\/\"]}]},{\"@type\":\"ImageObject\",\"inLanguage\":\"en-GB\",\"@id\":\"https:\/\/www.enusa.es\/enusa-esta-presente-en-el-foro-gaceta-de-salamanca-sobre-innovacion-y-tecnologia\/#primaryimage\",\"url\":\"https:\/\/www.enusa.es\/wp-content\/uploads\/2024\/02\/posts_image_placeholder3.jpg\",\"contentUrl\":\"https:\/\/www.enusa.es\/wp-content\/uploads\/2024\/02\/posts_image_placeholder3.jpg\",\"width\":1920,\"height\":1080},{\"@type\":\"BreadcrumbList\",\"@id\":\"https:\/\/www.enusa.es\/enusa-esta-presente-en-el-foro-gaceta-de-salamanca-sobre-innovacion-y-tecnologia\/#breadcrumb\",\"itemListElement\":[{\"@type\":\"ListItem\",\"position\":1,\"name\":\"Portada\",\"item\":\"https:\/\/www.enusa.es\/\"},{\"@type\":\"ListItem\",\"position\":2,\"name\":\"ENUSA est\u00e1 presente en el Foro Gaceta de Salamanca sobre innovaci\u00f3n y tecnolog\u00eda\"}]},{\"@type\":\"WebSite\",\"@id\":\"https:\/\/www.enusa.es\/#website\",\"url\":\"https:\/\/www.enusa.es\/\",\"name\":\"ENUSA | A company for the future\",\"description\":\"Nuestro prop\u00f3sito es desarrollar soluciones innovadoras nucleares y medioambientales, contribuyendo al progreso sostenible de la sociedad\",\"potentialAction\":[{\"@type\":\"SearchAction\",\"target\":{\"@type\":\"EntryPoint\",\"urlTemplate\":\"https:\/\/www.enusa.es\/?s={search_term_string}\"},\"query-input\":{\"@type\":\"PropertyValueSpecification\",\"valueRequired\":true,\"valueName\":\"search_term_string\"}}],\"inLanguage\":\"en-GB\"},{\"@type\":\"Person\",\"@id\":\"https:\/\/www.enusa.es\/#\/schema\/person\/73d26d37c3085056c46d2e7d987fe9ce\",\"name\":\"admin\",\"image\":{\"@type\":\"ImageObject\",\"inLanguage\":\"en-GB\",\"@id\":\"https:\/\/www.enusa.es\/#\/schema\/person\/image\/\",\"url\":\"https:\/\/secure.gravatar.com\/avatar\/ab34fdb663e8f5aaac216ce3bba8eea7364d56eb0be3fb7cee79ae0cbe1bd50d?s=96&d=mm&r=g\",\"contentUrl\":\"https:\/\/secure.gravatar.com\/avatar\/ab34fdb663e8f5aaac216ce3bba8eea7364d56eb0be3fb7cee79ae0cbe1bd50d?s=96&d=mm&r=g\",\"caption\":\"admin\"},\"sameAs\":[\"https:\/\/www.enusa.es\"],\"url\":\"https:\/\/www.enusa.es\/en\/author\/divi-d55labs\/\"}]}<\/script>\n<!-- \/ Yoast SEO plugin. -->","yoast_head_json":{"title":"Javier Montes acude al Foro Gaceta de Salamanca","description":"Javier Montes, director de Sistemas, Transformaci\u00f3n Digital y Calidad de ENUSA acude al Foro Gaceta de Salamanca sobre innovaci\u00f3n.","robots":{"index":"index","follow":"follow","max-snippet":"max-snippet:-1","max-image-preview":"max-image-preview:large","max-video-preview":"max-video-preview:-1"},"canonical":"https:\/\/www.enusa.es\/en\/enusa-esta-presente-en-el-foro-gaceta-de-salamanca-sobre-innovacion-y-tecnologia\/","og_locale":"en_GB","og_type":"article","og_title":"Javier Montes acude al Foro Gaceta de Salamanca","og_description":"Javier Montes, director de Sistemas, Transformaci\u00f3n Digital y Calidad de ENUSA acude al Foro Gaceta de Salamanca sobre innovaci\u00f3n.","og_url":"https:\/\/www.enusa.es\/en\/enusa-esta-presente-en-el-foro-gaceta-de-salamanca-sobre-innovacion-y-tecnologia\/","og_site_name":"ENUSA | A company for the future","article_published_time":"2021-11-30T13:27:47+00:00","article_modified_time":"2024-02-14T12:04:21+00:00","author":"admin","twitter_card":"summary_large_image","twitter_misc":{"Written by":"admin","Estimated reading time":"1 minute"},"schema":{"@context":"https:\/\/schema.org","@graph":[{"@type":"Article","@id":"https:\/\/www.enusa.es\/enusa-esta-presente-en-el-foro-gaceta-de-salamanca-sobre-innovacion-y-tecnologia\/#article","isPartOf":{"@id":"https:\/\/www.enusa.es\/enusa-esta-presente-en-el-foro-gaceta-de-salamanca-sobre-innovacion-y-tecnologia\/"},"author":{"name":"admin","@id":"https:\/\/www.enusa.es\/#\/schema\/person\/73d26d37c3085056c46d2e7d987fe9ce"},"headline":"ENUSA est\u00e1 presente en el Foro Gaceta de Salamanca sobre innovaci\u00f3n y tecnolog\u00eda","datePublished":"2021-11-30T13:27:47+00:00","dateModified":"2024-02-14T12:04:21+00:00","mainEntityOfPage":{"@id":"https:\/\/www.enusa.es\/enusa-esta-presente-en-el-foro-gaceta-de-salamanca-sobre-innovacion-y-tecnologia\/"},"wordCount":204,"image":{"@id":"https:\/\/www.enusa.es\/enusa-esta-presente-en-el-foro-gaceta-de-salamanca-sobre-innovacion-y-tecnologia\/#primaryimage"},"thumbnailUrl":"https:\/\/www.enusa.es\/wp-content\/uploads\/2024\/02\/posts_image_placeholder3.jpg","articleSection":["Noticias"],"inLanguage":"en-GB"},{"@type":"WebPage","@id":"https:\/\/www.enusa.es\/enusa-esta-presente-en-el-foro-gaceta-de-salamanca-sobre-innovacion-y-tecnologia\/","url":"https:\/\/www.enusa.es\/enusa-esta-presente-en-el-foro-gaceta-de-salamanca-sobre-innovacion-y-tecnologia\/","name":"Javier Montes acude al Foro Gaceta de Salamanca","isPartOf":{"@id":"https:\/\/www.enusa.es\/#website"},"primaryImageOfPage":{"@id":"https:\/\/www.enusa.es\/enusa-esta-presente-en-el-foro-gaceta-de-salamanca-sobre-innovacion-y-tecnologia\/#primaryimage"},"image":{"@id":"https:\/\/www.enusa.es\/enusa-esta-presente-en-el-foro-gaceta-de-salamanca-sobre-innovacion-y-tecnologia\/#primaryimage"},"thumbnailUrl":"https:\/\/www.enusa.es\/wp-content\/uploads\/2024\/02\/posts_image_placeholder3.jpg","datePublished":"2021-11-30T13:27:47+00:00","dateModified":"2024-02-14T12:04:21+00:00","author":{"@id":"https:\/\/www.enusa.es\/#\/schema\/person\/73d26d37c3085056c46d2e7d987fe9ce"},"description":"Javier Montes, director de Sistemas, Transformaci\u00f3n Digital y Calidad de ENUSA acude al Foro Gaceta de Salamanca sobre innovaci\u00f3n.","breadcrumb":{"@id":"https:\/\/www.enusa.es\/enusa-esta-presente-en-el-foro-gaceta-de-salamanca-sobre-innovacion-y-tecnologia\/#breadcrumb"},"inLanguage":"en-GB","potentialAction":[{"@type":"ReadAction","target":["https:\/\/www.enusa.es\/enusa-esta-presente-en-el-foro-gaceta-de-salamanca-sobre-innovacion-y-tecnologia\/"]}]},{"@type":"ImageObject","inLanguage":"en-GB","@id":"https:\/\/www.enusa.es\/enusa-esta-presente-en-el-foro-gaceta-de-salamanca-sobre-innovacion-y-tecnologia\/#primaryimage","url":"https:\/\/www.enusa.es\/wp-content\/uploads\/2024\/02\/posts_image_placeholder3.jpg","contentUrl":"https:\/\/www.enusa.es\/wp-content\/uploads\/2024\/02\/posts_image_placeholder3.jpg","width":1920,"height":1080},{"@type":"BreadcrumbList","@id":"https:\/\/www.enusa.es\/enusa-esta-presente-en-el-foro-gaceta-de-salamanca-sobre-innovacion-y-tecnologia\/#breadcrumb","itemListElement":[{"@type":"ListItem","position":1,"name":"Portada","item":"https:\/\/www.enusa.es\/"},{"@type":"ListItem","position":2,"name":"ENUSA est\u00e1 presente en el Foro Gaceta de Salamanca sobre innovaci\u00f3n y tecnolog\u00eda"}]},{"@type":"WebSite","@id":"https:\/\/www.enusa.es\/#website","url":"https:\/\/www.enusa.es\/","name":"ENUSA | A company for the future","description":"Nuestro prop\u00f3sito es desarrollar soluciones innovadoras nucleares y medioambientales, contribuyendo al progreso sostenible de la sociedad","potentialAction":[{"@type":"SearchAction","target":{"@type":"EntryPoint","urlTemplate":"https:\/\/www.enusa.es\/?s={search_term_string}"},"query-input":{"@type":"PropertyValueSpecification","valueRequired":true,"valueName":"search_term_string"}}],"inLanguage":"en-GB"},{"@type":"Person","@id":"https:\/\/www.enusa.es\/#\/schema\/person\/73d26d37c3085056c46d2e7d987fe9ce","name":"admin","image":{"@type":"ImageObject","inLanguage":"en-GB","@id":"https:\/\/www.enusa.es\/#\/schema\/person\/image\/","url":"https:\/\/secure.gravatar.com\/avatar\/ab34fdb663e8f5aaac216ce3bba8eea7364d56eb0be3fb7cee79ae0cbe1bd50d?s=96&d=mm&r=g","contentUrl":"https:\/\/secure.gravatar.com\/avatar\/ab34fdb663e8f5aaac216ce3bba8eea7364d56eb0be3fb7cee79ae0cbe1bd50d?s=96&d=mm&r=g","caption":"admin"},"sameAs":["https:\/\/www.enusa.es"],"url":"https:\/\/www.enusa.es\/en\/author\/divi-d55labs\/"}]}},"_links":{"self":[{"href":"https:\/\/www.enusa.es\/en\/wp-json\/wp\/v2\/posts\/16287","targetHints":{"allow":["GET"]}}],"collection":[{"href":"https:\/\/www.enusa.es\/en\/wp-json\/wp\/v2\/posts"}],"about":[{"href":"https:\/\/www.enusa.es\/en\/wp-json\/wp\/v2\/types\/post"}],"author":[{"embeddable":true,"href":"https:\/\/www.enusa.es\/en\/wp-json\/wp\/v2\/users\/1"}],"replies":[{"embeddable":true,"href":"https:\/\/www.enusa.es\/en\/wp-json\/wp\/v2\/comments?post=16287"}],"version-history":[{"count":1,"href":"https:\/\/www.enusa.es\/en\/wp-json\/wp\/v2\/posts\/16287\/revisions"}],"predecessor-version":[{"id":19764,"href":"https:\/\/www.enusa.es\/en\/wp-json\/wp\/v2\/posts\/16287\/revisions\/19764"}],"wp:featuredmedia":[{"embeddable":true,"href":"https:\/\/www.enusa.es\/en\/wp-json\/wp\/v2\/media\/20862"}],"wp:attachment":[{"href":"https:\/\/www.enusa.es\/en\/wp-json\/wp\/v2\/media?parent=16287"}],"wp:term":[{"taxonomy":"category","embeddable":true,"href":"https:\/\/www.enusa.es\/en\/wp-json\/wp\/v2\/categories?post=16287"},{"taxonomy":"post_tag","embeddable":true,"href":"https:\/\/www.enusa.es\/en\/wp-json\/wp\/v2\/tags?post=16287"}],"curies":[{"name":"wp","href":"https:\/\/api.w.org\/{rel}","templated":true}]}}