{"id":17226,"date":"2023-03-08T11:32:50","date_gmt":"2023-03-08T11:32:50","guid":{"rendered":"https:\/\/www.enusa.es\/?p=17226"},"modified":"2024-02-07T16:23:15","modified_gmt":"2024-02-07T15:23:15","slug":"el-grupo-enusa-conmemora-el-dia-internacional-de-la-mujer","status":"publish","type":"post","link":"https:\/\/www.enusa.es\/en\/el-grupo-enusa-conmemora-el-dia-internacional-de-la-mujer\/","title":{"rendered":"The ENUSA Group commemorates International Women's Day"},"content":{"rendered":"<figure class=\"wp-block-image size-large\"><img loading=\"lazy\" decoding=\"async\" width=\"1024\" height=\"576\" src=\"https:\/\/www.enusa.es\/wp-content\/uploads\/2023\/06\/caratula-2-1920x1080-1-1024x576.jpg\" alt=\"\" class=\"wp-image-18632\" srcset=\"https:\/\/www.enusa.es\/wp-content\/uploads\/2023\/06\/caratula-2-1920x1080-1-980x551.jpg 980w, https:\/\/www.enusa.es\/wp-content\/uploads\/2023\/06\/caratula-2-1920x1080-1-480x270.jpg 480w\" sizes=\"(min-width: 0px) and (max-width: 480px) 480px, (min-width: 481px) and (max-width: 980px) 980px, (min-width: 981px) 1024px, 100vw\" \/><\/figure>\n\n\n<p>Hoy, 8 de marzo, se celebra el <strong>D\u00eda Internacional de la Mujer<\/strong> y el Grupo ENUSA, en su compromiso permanente con la igualdad de g\u00e9nero, se suma a la declaraci\u00f3n institucional aprobada hoy en el Consejo de Ministros y a la campa\u00f1a promovida por ONU Mujeres, haciendo suyo el lema \u201c<strong><em>Por un mundo digital inclusivo: innovaci\u00f3n y tecnolog\u00eda para la igualdad de g\u00e9nero<\/em><\/strong>\u201d.<\/p>\n<p>La celebraci\u00f3n de las Naciones Unidas reconoce y homenajea a las mujeres y las ni\u00f1as y a las organizaciones de mujeres y feministas que est\u00e1n luchando por el avance de la tecnolog\u00eda transformadora y por el acceso a la educaci\u00f3n digital. El D\u00eda Internacional de la Mujer de 2023 explora los efectos de la brecha digital de g\u00e9nero en el crecimiento de las desigualdades sociales y econ\u00f3micas. Tambi\u00e9n pone de relieve la importancia de proteger los derechos de las mujeres y las ni\u00f1as en los espacios digitales y de abordar la violencia de g\u00e9nero en l\u00ednea y la facilitada por las nuevas tecnolog\u00edas de la comunicaci\u00f3n.<\/p>\n<p>Incorporar a las mujeres, as\u00ed como a aquellos grupos tradicionalmente marginalizados, a la tecnolog\u00eda permite soluciones m\u00e1s creativas y tiene un mayor potencial para innovaciones que satisfagan las necesidades de las mujeres y promuevan la igualdad de g\u00e9nero. Su falta de inclusi\u00f3n, por el contrario, tiene un costo enorme.<\/p>\n<p>Los avances de la tecnolog\u00eda digital ofrecen nuevas posibilidades para resolver los retos humanitarios y de desarrollo y para hacer realidad los Objetivos de Desarrollo Sostenible de la Agenda 2030. Lamentablemente, las oportunidades que abre la revoluci\u00f3n digital tambi\u00e9n plantean el riesgo de perpetuar las din\u00e1micas actuales de la desigualdad de g\u00e9nero.<\/p>\n<p>Por su parte, el Ejecutivo, en su Consejo de Ministros de ayer martes, ha aprobado una declaraci\u00f3n institucional con la que muestra su firme compromiso con un pa\u00eds que a\u00f1o tras a\u00f1o se consolida como feminista gracias tambi\u00e9n al impulso de la sociedad. El Gobierno da pasos s\u00f3lidos para que \u00a0la igualdad de g\u00e9nero sea la piedra angular de la transformaci\u00f3n social y materializa este compromiso con la promoci\u00f3n y protecci\u00f3n de los derechos de las mujeres y ni\u00f1as, la igualdad efectiva y real entre mujeres y hombres, as\u00ed como con las pol\u00edticas p\u00fablicas orientadas a tales fines. \u00a0La magnitud de los retos y desaf\u00edos que como sociedad internacional y como pa\u00eds afrontamos hoy s\u00f3lo puede abordarse desde una salida inclusiva, resiliente y en clave de g\u00e9nero.<\/p>\n<h3><strong>El 8 de marzo en el Grupo ENUSA: v\u00eddeo institucional y regalo de Echeveria<\/strong><\/h3>\n<p>En un a\u00f1o en el que el mundo digital inclusivo es el eje de la celebraci\u00f3n del D\u00eda Internacional de la Mujer, no se nos ocurre nadie mejor que la jefa de Transformaci\u00f3n Digital de ENUSA, Carmen Paredes, para dar visibilidad a esta celebraci\u00f3n en nuestra compa\u00f1\u00eda junto al presidente del Grupo ENUSA, Mariano Moreno. Ambos lanzan un mensaje de \u201c<em>apoyo y defensa a<\/em><em> la incorporaci\u00f3n, de forma transformadora, de la perspectiva de g\u00e9nero en la innovaci\u00f3n, la tecnolog\u00eda y la educaci\u00f3n digital. Porque todo ello contribuye a que las mujeres y ni\u00f1as tengan un mayor conocimiento sobre sus derechos y potencien el ejercicio de los mismos<\/em>\u201d. \u201c<em>Las desigualdades son cada vez m\u00e1s evidentes en el contexto de las habilidades digitales y el acceso a las tecnolog\u00edas, una brecha digital que deja atr\u00e1s a muchas mujeres y ni\u00f1as por lo que el desarrollo de una educaci\u00f3n digital e inclusiva y una tecnolog\u00eda transformadora constituye un requisito fundamental para un futuro sostenible<\/em>\u201d.<\/p>\n<p>El v\u00eddeo se puede ver aqu\u00ed:<\/p>\n<p><iframe loading=\"lazy\" title=\"Mensaje de Mariano Moreno, presidente del Grupo ENUSA por el 8M\" width=\"1080\" height=\"608\" src=\"https:\/\/www.youtube.com\/embed\/XBhICZ18fYw?feature=oembed\"  allow=\"accelerometer; autoplay; clipboard-write; encrypted-media; gyroscope; picture-in-picture; web-share\" allowfullscreen><\/iframe><\/p>\n<p>Adem\u00e1s, en un d\u00eda en el que homenajeamos a todas las mujeres, el Grupo ENUSA reparte a cada persona de su plantilla un ejemplar de <strong><em>Echeveria<\/em><\/strong>, planta muy especial de la familia de las crasas y suculentas, que se caracteriza por su gran resistencia y capacidad de adaptaci\u00f3n a casi cualquier escenario de cultivo. Esa misma resistencia y adaptaci\u00f3n que vienen demostrando las mujeres a lo largo de la historia.<\/p>\n<p>A pesar de ello, precisar\u00e1 ciertos cuidados, basados en dosis adecuadas de luminosidad y agua, del mismo modo que nuestra sociedad debe proteger y velar por la consecuci\u00f3n de una Igualdad de G\u00e9nero real y sostenible.<\/p>\n<p><img loading=\"lazy\" decoding=\"async\" class=\"alignnone size-large wp-image-17227\" src=\"https:\/\/www.enusa.es\/wp-content\/uploads\/2023\/03\/echeveria-1024x683.jpg\" alt=\"\" width=\"1024\" height=\"683\" \/><\/p>\n<blockquote>\n<h5 style=\"text-align: left;\"><strong>Trabajemos para eliminar la brecha digital de g\u00e9nero<\/strong><\/h5>\n<h5><strong>Luchemos por una igualdad real y sostenible<\/strong><\/h5>\n<h5><strong>\u00a1Feliz D\u00eda Internacional de la Mujer!<\/strong><\/h5>\n<\/blockquote>","protected":false},"excerpt":{"rendered":"<p>Hoy, 8 de marzo, se celebra el D\u00eda Internacional de la Mujer y el Grupo ENUSA, en su compromiso permanente con la igualdad de g\u00e9nero, se suma a la declaraci\u00f3n institucional aprobada hoy en el Consejo de Ministros y a la campa\u00f1a promovida por ONU Mujeres, haciendo suyo el lema \u201cPor un mundo digital inclusivo: [&hellip;]<\/p>\n","protected":false},"author":1,"featured_media":18632,"comment_status":"closed","ping_status":"closed","sticky":false,"template":"","format":"standard","meta":{"_et_pb_use_builder":"","_et_pb_old_content":"","_et_gb_content_width":"","footnotes":""},"categories":[51],"tags":[357,356,355,54],"class_list":["post-17226","post","type-post","status-publish","format-standard","has-post-thumbnail","hentry","category-noticias","tag-8-de-marzo","tag-compromiso","tag-dia-de-la-mujer","tag-igualdad"],"yoast_head":"<!-- This site is optimized with the Yoast SEO plugin v27.5 - https:\/\/yoast.com\/product\/yoast-seo-wordpress\/ -->\n<title>El Grupo ENUSA conmemora el D\u00eda Internacional de la Mujer - ENUSA | A company for the future<\/title>\n<meta name=\"robots\" content=\"index, follow, max-snippet:-1, max-image-preview:large, max-video-preview:-1\" \/>\n<link rel=\"canonical\" href=\"https:\/\/www.enusa.es\/en\/el-grupo-enusa-conmemora-el-dia-internacional-de-la-mujer\/\" \/>\n<meta property=\"og:locale\" content=\"en_GB\" \/>\n<meta property=\"og:type\" content=\"article\" \/>\n<meta property=\"og:title\" content=\"El Grupo ENUSA conmemora el D\u00eda Internacional de la Mujer - ENUSA | A company for the future\" \/>\n<meta property=\"og:description\" content=\"Hoy, 8 de marzo, se celebra el D\u00eda Internacional de la Mujer y el Grupo ENUSA, en su compromiso permanente con la igualdad de g\u00e9nero, se suma a la declaraci\u00f3n institucional aprobada hoy en el Consejo de Ministros y a la campa\u00f1a promovida por ONU Mujeres, haciendo suyo el lema \u201cPor un mundo digital inclusivo: [&hellip;]\" \/>\n<meta property=\"og:url\" content=\"https:\/\/www.enusa.es\/en\/el-grupo-enusa-conmemora-el-dia-internacional-de-la-mujer\/\" \/>\n<meta property=\"og:site_name\" content=\"ENUSA | A company for the future\" \/>\n<meta property=\"article:published_time\" content=\"2023-03-08T11:32:50+00:00\" \/>\n<meta property=\"article:modified_time\" content=\"2024-02-07T15:23:15+00:00\" \/>\n<meta property=\"og:image\" content=\"https:\/\/www.enusa.es\/wp-content\/uploads\/2023\/06\/caratula-2-1920x1080-1.jpg\" \/>\n\t<meta property=\"og:image:width\" content=\"1920\" \/>\n\t<meta property=\"og:image:height\" content=\"1080\" \/>\n\t<meta property=\"og:image:type\" content=\"image\/jpeg\" \/>\n<meta name=\"author\" content=\"admin\" \/>\n<meta name=\"twitter:card\" content=\"summary_large_image\" \/>\n<meta name=\"twitter:label1\" content=\"Written by\" \/>\n\t<meta name=\"twitter:data1\" content=\"admin\" \/>\n\t<meta name=\"twitter:label2\" content=\"Estimated reading time\" \/>\n\t<meta name=\"twitter:data2\" content=\"4 minutes\" \/>\n<script type=\"application\/ld+json\" class=\"yoast-schema-graph\">{\"@context\":\"https:\\\/\\\/schema.org\",\"@graph\":[{\"@type\":\"Article\",\"@id\":\"https:\\\/\\\/www.enusa.es\\\/el-grupo-enusa-conmemora-el-dia-internacional-de-la-mujer\\\/#article\",\"isPartOf\":{\"@id\":\"https:\\\/\\\/www.enusa.es\\\/el-grupo-enusa-conmemora-el-dia-internacional-de-la-mujer\\\/\"},\"author\":{\"name\":\"admin\",\"@id\":\"https:\\\/\\\/www.enusa.es\\\/#\\\/schema\\\/person\\\/73d26d37c3085056c46d2e7d987fe9ce\"},\"headline\":\"El Grupo ENUSA conmemora el D\u00eda Internacional de la Mujer\",\"datePublished\":\"2023-03-08T11:32:50+00:00\",\"dateModified\":\"2024-02-07T15:23:15+00:00\",\"mainEntityOfPage\":{\"@id\":\"https:\\\/\\\/www.enusa.es\\\/el-grupo-enusa-conmemora-el-dia-internacional-de-la-mujer\\\/\"},\"wordCount\":792,\"image\":{\"@id\":\"https:\\\/\\\/www.enusa.es\\\/el-grupo-enusa-conmemora-el-dia-internacional-de-la-mujer\\\/#primaryimage\"},\"thumbnailUrl\":\"https:\\\/\\\/www.enusa.es\\\/wp-content\\\/uploads\\\/2023\\\/06\\\/caratula-2-1920x1080-1.jpg\",\"keywords\":[\"8 de marzo\",\"Compromiso\",\"D\u00eda de la Mujer\",\"Igualdad\"],\"articleSection\":[\"Noticias\"],\"inLanguage\":\"en-GB\"},{\"@type\":\"WebPage\",\"@id\":\"https:\\\/\\\/www.enusa.es\\\/el-grupo-enusa-conmemora-el-dia-internacional-de-la-mujer\\\/\",\"url\":\"https:\\\/\\\/www.enusa.es\\\/el-grupo-enusa-conmemora-el-dia-internacional-de-la-mujer\\\/\",\"name\":\"El Grupo ENUSA conmemora el D\u00eda Internacional de la Mujer - ENUSA | A company for the future\",\"isPartOf\":{\"@id\":\"https:\\\/\\\/www.enusa.es\\\/#website\"},\"primaryImageOfPage\":{\"@id\":\"https:\\\/\\\/www.enusa.es\\\/el-grupo-enusa-conmemora-el-dia-internacional-de-la-mujer\\\/#primaryimage\"},\"image\":{\"@id\":\"https:\\\/\\\/www.enusa.es\\\/el-grupo-enusa-conmemora-el-dia-internacional-de-la-mujer\\\/#primaryimage\"},\"thumbnailUrl\":\"https:\\\/\\\/www.enusa.es\\\/wp-content\\\/uploads\\\/2023\\\/06\\\/caratula-2-1920x1080-1.jpg\",\"datePublished\":\"2023-03-08T11:32:50+00:00\",\"dateModified\":\"2024-02-07T15:23:15+00:00\",\"author\":{\"@id\":\"https:\\\/\\\/www.enusa.es\\\/#\\\/schema\\\/person\\\/73d26d37c3085056c46d2e7d987fe9ce\"},\"breadcrumb\":{\"@id\":\"https:\\\/\\\/www.enusa.es\\\/el-grupo-enusa-conmemora-el-dia-internacional-de-la-mujer\\\/#breadcrumb\"},\"inLanguage\":\"en-GB\",\"potentialAction\":[{\"@type\":\"ReadAction\",\"target\":[\"https:\\\/\\\/www.enusa.es\\\/el-grupo-enusa-conmemora-el-dia-internacional-de-la-mujer\\\/\"]}]},{\"@type\":\"ImageObject\",\"inLanguage\":\"en-GB\",\"@id\":\"https:\\\/\\\/www.enusa.es\\\/el-grupo-enusa-conmemora-el-dia-internacional-de-la-mujer\\\/#primaryimage\",\"url\":\"https:\\\/\\\/www.enusa.es\\\/wp-content\\\/uploads\\\/2023\\\/06\\\/caratula-2-1920x1080-1.jpg\",\"contentUrl\":\"https:\\\/\\\/www.enusa.es\\\/wp-content\\\/uploads\\\/2023\\\/06\\\/caratula-2-1920x1080-1.jpg\",\"width\":1920,\"height\":1080},{\"@type\":\"BreadcrumbList\",\"@id\":\"https:\\\/\\\/www.enusa.es\\\/el-grupo-enusa-conmemora-el-dia-internacional-de-la-mujer\\\/#breadcrumb\",\"itemListElement\":[{\"@type\":\"ListItem\",\"position\":1,\"name\":\"Portada\",\"item\":\"https:\\\/\\\/www.enusa.es\\\/\"},{\"@type\":\"ListItem\",\"position\":2,\"name\":\"El Grupo ENUSA conmemora el D\u00eda Internacional de la Mujer\"}]},{\"@type\":\"WebSite\",\"@id\":\"https:\\\/\\\/www.enusa.es\\\/#website\",\"url\":\"https:\\\/\\\/www.enusa.es\\\/\",\"name\":\"ENUSA | A company for the future\",\"description\":\"Nuestro prop\u00f3sito es desarrollar soluciones innovadoras nucleares y medioambientales, contribuyendo al progreso sostenible de la sociedad\",\"potentialAction\":[{\"@type\":\"SearchAction\",\"target\":{\"@type\":\"EntryPoint\",\"urlTemplate\":\"https:\\\/\\\/www.enusa.es\\\/?s={search_term_string}\"},\"query-input\":{\"@type\":\"PropertyValueSpecification\",\"valueRequired\":true,\"valueName\":\"search_term_string\"}}],\"inLanguage\":\"en-GB\"},{\"@type\":\"Person\",\"@id\":\"https:\\\/\\\/www.enusa.es\\\/#\\\/schema\\\/person\\\/73d26d37c3085056c46d2e7d987fe9ce\",\"name\":\"admin\",\"image\":{\"@type\":\"ImageObject\",\"inLanguage\":\"en-GB\",\"@id\":\"https:\\\/\\\/secure.gravatar.com\\\/avatar\\\/ab34fdb663e8f5aaac216ce3bba8eea7364d56eb0be3fb7cee79ae0cbe1bd50d?s=96&d=mm&r=g\",\"url\":\"https:\\\/\\\/secure.gravatar.com\\\/avatar\\\/ab34fdb663e8f5aaac216ce3bba8eea7364d56eb0be3fb7cee79ae0cbe1bd50d?s=96&d=mm&r=g\",\"contentUrl\":\"https:\\\/\\\/secure.gravatar.com\\\/avatar\\\/ab34fdb663e8f5aaac216ce3bba8eea7364d56eb0be3fb7cee79ae0cbe1bd50d?s=96&d=mm&r=g\",\"caption\":\"admin\"},\"sameAs\":[\"https:\\\/\\\/www.enusa.es\"],\"url\":\"https:\\\/\\\/www.enusa.es\\\/en\\\/author\\\/divi-d55labs\\\/\"}]}<\/script>\n<!-- \/ Yoast SEO plugin. -->","yoast_head_json":{"title":"El Grupo ENUSA conmemora el D\u00eda Internacional de la Mujer - ENUSA | A company for the future","robots":{"index":"index","follow":"follow","max-snippet":"max-snippet:-1","max-image-preview":"max-image-preview:large","max-video-preview":"max-video-preview:-1"},"canonical":"https:\/\/www.enusa.es\/en\/el-grupo-enusa-conmemora-el-dia-internacional-de-la-mujer\/","og_locale":"en_GB","og_type":"article","og_title":"El Grupo ENUSA conmemora el D\u00eda Internacional de la Mujer - ENUSA | A company for the future","og_description":"Hoy, 8 de marzo, se celebra el D\u00eda Internacional de la Mujer y el Grupo ENUSA, en su compromiso permanente con la igualdad de g\u00e9nero, se suma a la declaraci\u00f3n institucional aprobada hoy en el Consejo de Ministros y a la campa\u00f1a promovida por ONU Mujeres, haciendo suyo el lema \u201cPor un mundo digital inclusivo: [&hellip;]","og_url":"https:\/\/www.enusa.es\/en\/el-grupo-enusa-conmemora-el-dia-internacional-de-la-mujer\/","og_site_name":"ENUSA | A company for the future","article_published_time":"2023-03-08T11:32:50+00:00","article_modified_time":"2024-02-07T15:23:15+00:00","og_image":[{"width":1920,"height":1080,"url":"https:\/\/www.enusa.es\/wp-content\/uploads\/2023\/06\/caratula-2-1920x1080-1.jpg","type":"image\/jpeg"}],"author":"admin","twitter_card":"summary_large_image","twitter_misc":{"Written by":"admin","Estimated reading time":"4 minutes"},"schema":{"@context":"https:\/\/schema.org","@graph":[{"@type":"Article","@id":"https:\/\/www.enusa.es\/el-grupo-enusa-conmemora-el-dia-internacional-de-la-mujer\/#article","isPartOf":{"@id":"https:\/\/www.enusa.es\/el-grupo-enusa-conmemora-el-dia-internacional-de-la-mujer\/"},"author":{"name":"admin","@id":"https:\/\/www.enusa.es\/#\/schema\/person\/73d26d37c3085056c46d2e7d987fe9ce"},"headline":"El Grupo ENUSA conmemora el D\u00eda Internacional de la Mujer","datePublished":"2023-03-08T11:32:50+00:00","dateModified":"2024-02-07T15:23:15+00:00","mainEntityOfPage":{"@id":"https:\/\/www.enusa.es\/el-grupo-enusa-conmemora-el-dia-internacional-de-la-mujer\/"},"wordCount":792,"image":{"@id":"https:\/\/www.enusa.es\/el-grupo-enusa-conmemora-el-dia-internacional-de-la-mujer\/#primaryimage"},"thumbnailUrl":"https:\/\/www.enusa.es\/wp-content\/uploads\/2023\/06\/caratula-2-1920x1080-1.jpg","keywords":["8 de marzo","Compromiso","D\u00eda de la Mujer","Igualdad"],"articleSection":["Noticias"],"inLanguage":"en-GB"},{"@type":"WebPage","@id":"https:\/\/www.enusa.es\/el-grupo-enusa-conmemora-el-dia-internacional-de-la-mujer\/","url":"https:\/\/www.enusa.es\/el-grupo-enusa-conmemora-el-dia-internacional-de-la-mujer\/","name":"El Grupo ENUSA conmemora el D\u00eda Internacional de la Mujer - ENUSA | A company for the future","isPartOf":{"@id":"https:\/\/www.enusa.es\/#website"},"primaryImageOfPage":{"@id":"https:\/\/www.enusa.es\/el-grupo-enusa-conmemora-el-dia-internacional-de-la-mujer\/#primaryimage"},"image":{"@id":"https:\/\/www.enusa.es\/el-grupo-enusa-conmemora-el-dia-internacional-de-la-mujer\/#primaryimage"},"thumbnailUrl":"https:\/\/www.enusa.es\/wp-content\/uploads\/2023\/06\/caratula-2-1920x1080-1.jpg","datePublished":"2023-03-08T11:32:50+00:00","dateModified":"2024-02-07T15:23:15+00:00","author":{"@id":"https:\/\/www.enusa.es\/#\/schema\/person\/73d26d37c3085056c46d2e7d987fe9ce"},"breadcrumb":{"@id":"https:\/\/www.enusa.es\/el-grupo-enusa-conmemora-el-dia-internacional-de-la-mujer\/#breadcrumb"},"inLanguage":"en-GB","potentialAction":[{"@type":"ReadAction","target":["https:\/\/www.enusa.es\/el-grupo-enusa-conmemora-el-dia-internacional-de-la-mujer\/"]}]},{"@type":"ImageObject","inLanguage":"en-GB","@id":"https:\/\/www.enusa.es\/el-grupo-enusa-conmemora-el-dia-internacional-de-la-mujer\/#primaryimage","url":"https:\/\/www.enusa.es\/wp-content\/uploads\/2023\/06\/caratula-2-1920x1080-1.jpg","contentUrl":"https:\/\/www.enusa.es\/wp-content\/uploads\/2023\/06\/caratula-2-1920x1080-1.jpg","width":1920,"height":1080},{"@type":"BreadcrumbList","@id":"https:\/\/www.enusa.es\/el-grupo-enusa-conmemora-el-dia-internacional-de-la-mujer\/#breadcrumb","itemListElement":[{"@type":"ListItem","position":1,"name":"Portada","item":"https:\/\/www.enusa.es\/"},{"@type":"ListItem","position":2,"name":"El Grupo ENUSA conmemora el D\u00eda Internacional de la Mujer"}]},{"@type":"WebSite","@id":"https:\/\/www.enusa.es\/#website","url":"https:\/\/www.enusa.es\/","name":"ENUSA | A company for the future","description":"Nuestro prop\u00f3sito es desarrollar soluciones innovadoras nucleares y medioambientales, contribuyendo al progreso sostenible de la sociedad","potentialAction":[{"@type":"SearchAction","target":{"@type":"EntryPoint","urlTemplate":"https:\/\/www.enusa.es\/?s={search_term_string}"},"query-input":{"@type":"PropertyValueSpecification","valueRequired":true,"valueName":"search_term_string"}}],"inLanguage":"en-GB"},{"@type":"Person","@id":"https:\/\/www.enusa.es\/#\/schema\/person\/73d26d37c3085056c46d2e7d987fe9ce","name":"admin","image":{"@type":"ImageObject","inLanguage":"en-GB","@id":"https:\/\/secure.gravatar.com\/avatar\/ab34fdb663e8f5aaac216ce3bba8eea7364d56eb0be3fb7cee79ae0cbe1bd50d?s=96&d=mm&r=g","url":"https:\/\/secure.gravatar.com\/avatar\/ab34fdb663e8f5aaac216ce3bba8eea7364d56eb0be3fb7cee79ae0cbe1bd50d?s=96&d=mm&r=g","contentUrl":"https:\/\/secure.gravatar.com\/avatar\/ab34fdb663e8f5aaac216ce3bba8eea7364d56eb0be3fb7cee79ae0cbe1bd50d?s=96&d=mm&r=g","caption":"admin"},"sameAs":["https:\/\/www.enusa.es"],"url":"https:\/\/www.enusa.es\/en\/author\/divi-d55labs\/"}]}},"_links":{"self":[{"href":"https:\/\/www.enusa.es\/en\/wp-json\/wp\/v2\/posts\/17226","targetHints":{"allow":["GET"]}}],"collection":[{"href":"https:\/\/www.enusa.es\/en\/wp-json\/wp\/v2\/posts"}],"about":[{"href":"https:\/\/www.enusa.es\/en\/wp-json\/wp\/v2\/types\/post"}],"author":[{"embeddable":true,"href":"https:\/\/www.enusa.es\/en\/wp-json\/wp\/v2\/users\/1"}],"replies":[{"embeddable":true,"href":"https:\/\/www.enusa.es\/en\/wp-json\/wp\/v2\/comments?post=17226"}],"version-history":[{"count":3,"href":"https:\/\/www.enusa.es\/en\/wp-json\/wp\/v2\/posts\/17226\/revisions"}],"predecessor-version":[{"id":20016,"href":"https:\/\/www.enusa.es\/en\/wp-json\/wp\/v2\/posts\/17226\/revisions\/20016"}],"wp:featuredmedia":[{"embeddable":true,"href":"https:\/\/www.enusa.es\/en\/wp-json\/wp\/v2\/media\/18632"}],"wp:attachment":[{"href":"https:\/\/www.enusa.es\/en\/wp-json\/wp\/v2\/media?parent=17226"}],"wp:term":[{"taxonomy":"category","embeddable":true,"href":"https:\/\/www.enusa.es\/en\/wp-json\/wp\/v2\/categories?post=17226"},{"taxonomy":"post_tag","embeddable":true,"href":"https:\/\/www.enusa.es\/en\/wp-json\/wp\/v2\/tags?post=17226"}],"curies":[{"name":"wp","href":"https:\/\/api.w.org\/{rel}","templated":true}]}}