{"id":3398,"date":"2018-03-26T07:16:28","date_gmt":"2018-03-26T07:16:28","guid":{"rendered":"http:\/\/www.enusa.es\/?p=3398"},"modified":"2024-02-07T12:58:48","modified_gmt":"2024-02-07T11:58:48","slug":"enusa-patrocina-la-opera-radamisto-de-handel-que-se-representara-en-salamanca-dentro-de-las-actividades-del-viii-centenario-de-la-universidad","status":"publish","type":"post","link":"https:\/\/www.enusa.es\/en\/enusa-patrocina-la-opera-radamisto-de-handel-que-se-representara-en-salamanca-dentro-de-las-actividades-del-viii-centenario-de-la-universidad\/","title":{"rendered":"ENUSA patrocina la \u00f3pera \u201cRadamisto\u201d de H\u00e4ndel que se representar\u00e1 en Salamanca dentro de las actividades del VIII Centenario de la Universidad"},"content":{"rendered":"<p>23\/03\/18. ENUSA co-patrocina la representaci\u00f3n de la \u00f3pera \u201cRadamisto\u201d, obra cumbre del compositor alem\u00e1n H\u00e4ndel, que tendr\u00e1 lugar el pr\u00f3ximo 23 de abril en el Centro de las Artes Esc\u00e9nicas y de la M\u00fasica (CAEM) de Salamanca. Esta representaci\u00f3n ser\u00e1 la \u00faltima de las citas del programa musical extraordinario \u2018Salamanca 800\u2019, organizado conjuntamente por la Universidad de Salamanca y el Centro Nacional de Difusi\u00f3n Musical (CNDM) y es una de las actividades proyectadas para conmemorar los ocho siglos de historia de la Universidad de Salamanca. <\/p>\n<p><a href=\"http:\/\/www.enusa.es\/wp-content\/uploads\/2018\/03\/NORM-lukasbeck.jpg\"><img loading=\"lazy\" decoding=\"async\" src=\"http:\/\/www.enusa.es\/wp-content\/uploads\/2018\/03\/NORM-lukasbeck-300x105.jpg\" alt=\"\" width=\"300\" height=\"105\" class=\"alignleft size-medium wp-image-3397\" \/><\/a><\/p>\n<p>ENUSA firm\u00f3 el pasado mes de julio el \u201cConvenio de Colaboraci\u00f3n entre ENUSA y la Universidad de Salamanca para el desarrollo de actividades dentro del Programa de Apoyo a la celebraci\u00f3n del VIII Centenario de la Universidad\u201d, que se enmarca dentro de nuestro Plan de Patrocinio y Mecenazgo. Adem\u00e1s, ENUSA se suma tambi\u00e9n al evento con la restauraci\u00f3n de los manuscritos de la primera donaci\u00f3n recibida por la Biblioteca General Hist\u00f3rica, la cedida por Juan de Segovia en el siglo XV.<\/p>\n<p>Los lazos de la Compa\u00f1\u00eda con la Universidad de Salamanca se han ido definiendo y consolidando durante la historia de ENUSA en \u00e1mbitos como la investigaci\u00f3n, la docencia, el patrimonio hist\u00f3rico-art\u00edstico, la Responsabilidad  Social Corporativa, siendo patronos de la Fundaci\u00f3n General,\u2026 Y en esta ocasi\u00f3n, tambi\u00e9n estar\u00e1 presente poniendo en pr\u00e1ctica su vocaci\u00f3n de mecenazgo del patrimonio y la cultura y dando un paso m\u00e1s en su historia de colaboraci\u00f3n con la Universidad y de implicaci\u00f3n con Salamanca.<br \/>\nLas entradas se han puesto a la venta esta misma semana y se pueden adquirir al precio de 15 euros (anfiteatro) y 20 euros (platea) y 20 euros (platea) en la p\u00e1gina de la Fundaci\u00f3n Ciudad de Cultura y Saberes del Ayuntamiento de Salamanca http:\/\/www.ciudaddecultura.org\/ y en la taquilla del Teatro Liceo.<\/p>\n<p>La interpretaci\u00f3n de Radamisto corre a cargo de la Wiener Akademie, acompa\u00f1ada por un elenco de grandes estrellas del actual universo barroco, caso de Carlos Mena, Patricia Bardon, Florian Boesch, Sophie Karth\u00e4user, G\u00fcnther Haumer, Melanie Hirsch, y Valerie Vinzant, bajo la batuta de Martin Haselb\u00f6ck.<\/p>","protected":false},"excerpt":{"rendered":"<p>23\/03\/18. ENUSA co-patrocina la representaci\u00f3n de la \u00f3pera \u201cRadamisto\u201d, obra cumbre del compositor alem\u00e1n H\u00e4ndel, que tendr\u00e1 lugar el pr\u00f3ximo 23 de abril en el Centro de las Artes Esc\u00e9nicas y de la M\u00fasica (CAEM) de Salamanca. Esta representaci\u00f3n ser\u00e1 la \u00faltima de las citas del programa musical extraordinario \u2018Salamanca 800\u2019, organizado conjuntamente por la [&hellip;]<\/p>\n","protected":false},"author":1,"featured_media":0,"comment_status":"closed","ping_status":"closed","sticky":false,"template":"","format":"standard","meta":{"_et_pb_use_builder":"","_et_pb_old_content":"","_et_gb_content_width":"","footnotes":""},"categories":[15],"tags":[],"class_list":["post-3398","post","type-post","status-publish","format-standard","hentry","category-notas-de-prensa"],"yoast_head":"<!-- This site is optimized with the Yoast SEO plugin v26.9 - https:\/\/yoast.com\/product\/yoast-seo-wordpress\/ -->\n<title>ENUSA patrocina la \u00f3pera \u201cRadamisto\u201d de H\u00e4ndel que se representar\u00e1 en Salamanca dentro de las actividades del VIII Centenario de la Universidad - ENUSA | A company for the future<\/title>\n<meta name=\"robots\" content=\"index, follow, max-snippet:-1, max-image-preview:large, max-video-preview:-1\" \/>\n<link rel=\"canonical\" href=\"https:\/\/www.enusa.es\/en\/enusa-patrocina-la-opera-radamisto-de-handel-que-se-representara-en-salamanca-dentro-de-las-actividades-del-viii-centenario-de-la-universidad\/\" \/>\n<meta property=\"og:locale\" content=\"en_GB\" \/>\n<meta property=\"og:type\" content=\"article\" \/>\n<meta property=\"og:title\" content=\"ENUSA patrocina la \u00f3pera \u201cRadamisto\u201d de H\u00e4ndel que se representar\u00e1 en Salamanca dentro de las actividades del VIII Centenario de la Universidad - ENUSA | A company for the future\" \/>\n<meta property=\"og:description\" content=\"23\/03\/18. ENUSA co-patrocina la representaci\u00f3n de la \u00f3pera \u201cRadamisto\u201d, obra cumbre del compositor alem\u00e1n H\u00e4ndel, que tendr\u00e1 lugar el pr\u00f3ximo 23 de abril en el Centro de las Artes Esc\u00e9nicas y de la M\u00fasica (CAEM) de Salamanca. Esta representaci\u00f3n ser\u00e1 la \u00faltima de las citas del programa musical extraordinario \u2018Salamanca 800\u2019, organizado conjuntamente por la [&hellip;]\" \/>\n<meta property=\"og:url\" content=\"https:\/\/www.enusa.es\/en\/enusa-patrocina-la-opera-radamisto-de-handel-que-se-representara-en-salamanca-dentro-de-las-actividades-del-viii-centenario-de-la-universidad\/\" \/>\n<meta property=\"og:site_name\" content=\"ENUSA | A company for the future\" \/>\n<meta property=\"article:published_time\" content=\"2018-03-26T07:16:28+00:00\" \/>\n<meta property=\"article:modified_time\" content=\"2024-02-07T11:58:48+00:00\" \/>\n<meta property=\"og:image\" content=\"http:\/\/www.enusa.es\/wp-content\/uploads\/2018\/03\/NORM-lukasbeck-300x105.jpg\" \/>\n<meta name=\"author\" content=\"admin\" \/>\n<meta name=\"twitter:card\" content=\"summary_large_image\" \/>\n<meta name=\"twitter:label1\" content=\"Written by\" \/>\n\t<meta name=\"twitter:data1\" content=\"admin\" \/>\n\t<meta name=\"twitter:label2\" content=\"Estimated reading time\" \/>\n\t<meta name=\"twitter:data2\" content=\"2 minutes\" \/>\n<script type=\"application\/ld+json\" class=\"yoast-schema-graph\">{\"@context\":\"https:\/\/schema.org\",\"@graph\":[{\"@type\":\"Article\",\"@id\":\"https:\/\/www.enusa.es\/enusa-patrocina-la-opera-radamisto-de-handel-que-se-representara-en-salamanca-dentro-de-las-actividades-del-viii-centenario-de-la-universidad\/#article\",\"isPartOf\":{\"@id\":\"https:\/\/www.enusa.es\/enusa-patrocina-la-opera-radamisto-de-handel-que-se-representara-en-salamanca-dentro-de-las-actividades-del-viii-centenario-de-la-universidad\/\"},\"author\":{\"name\":\"admin\",\"@id\":\"https:\/\/www.enusa.es\/#\/schema\/person\/73d26d37c3085056c46d2e7d987fe9ce\"},\"headline\":\"ENUSA patrocina la \u00f3pera \u201cRadamisto\u201d de H\u00e4ndel que se representar\u00e1 en Salamanca dentro de las actividades del VIII Centenario de la Universidad\",\"datePublished\":\"2018-03-26T07:16:28+00:00\",\"dateModified\":\"2024-02-07T11:58:48+00:00\",\"mainEntityOfPage\":{\"@id\":\"https:\/\/www.enusa.es\/enusa-patrocina-la-opera-radamisto-de-handel-que-se-representara-en-salamanca-dentro-de-las-actividades-del-viii-centenario-de-la-universidad\/\"},\"wordCount\":395,\"image\":{\"@id\":\"https:\/\/www.enusa.es\/enusa-patrocina-la-opera-radamisto-de-handel-que-se-representara-en-salamanca-dentro-de-las-actividades-del-viii-centenario-de-la-universidad\/#primaryimage\"},\"thumbnailUrl\":\"http:\/\/www.enusa.es\/wp-content\/uploads\/2018\/03\/NORM-lukasbeck-300x105.jpg\",\"articleSection\":[\"Notas de prensa\"],\"inLanguage\":\"en-GB\"},{\"@type\":\"WebPage\",\"@id\":\"https:\/\/www.enusa.es\/enusa-patrocina-la-opera-radamisto-de-handel-que-se-representara-en-salamanca-dentro-de-las-actividades-del-viii-centenario-de-la-universidad\/\",\"url\":\"https:\/\/www.enusa.es\/enusa-patrocina-la-opera-radamisto-de-handel-que-se-representara-en-salamanca-dentro-de-las-actividades-del-viii-centenario-de-la-universidad\/\",\"name\":\"ENUSA patrocina la \u00f3pera \u201cRadamisto\u201d de H\u00e4ndel que se representar\u00e1 en Salamanca dentro de las actividades del VIII Centenario de la Universidad - ENUSA | A company for the future\",\"isPartOf\":{\"@id\":\"https:\/\/www.enusa.es\/#website\"},\"primaryImageOfPage\":{\"@id\":\"https:\/\/www.enusa.es\/enusa-patrocina-la-opera-radamisto-de-handel-que-se-representara-en-salamanca-dentro-de-las-actividades-del-viii-centenario-de-la-universidad\/#primaryimage\"},\"image\":{\"@id\":\"https:\/\/www.enusa.es\/enusa-patrocina-la-opera-radamisto-de-handel-que-se-representara-en-salamanca-dentro-de-las-actividades-del-viii-centenario-de-la-universidad\/#primaryimage\"},\"thumbnailUrl\":\"http:\/\/www.enusa.es\/wp-content\/uploads\/2018\/03\/NORM-lukasbeck-300x105.jpg\",\"datePublished\":\"2018-03-26T07:16:28+00:00\",\"dateModified\":\"2024-02-07T11:58:48+00:00\",\"author\":{\"@id\":\"https:\/\/www.enusa.es\/#\/schema\/person\/73d26d37c3085056c46d2e7d987fe9ce\"},\"breadcrumb\":{\"@id\":\"https:\/\/www.enusa.es\/enusa-patrocina-la-opera-radamisto-de-handel-que-se-representara-en-salamanca-dentro-de-las-actividades-del-viii-centenario-de-la-universidad\/#breadcrumb\"},\"inLanguage\":\"en-GB\",\"potentialAction\":[{\"@type\":\"ReadAction\",\"target\":[\"https:\/\/www.enusa.es\/enusa-patrocina-la-opera-radamisto-de-handel-que-se-representara-en-salamanca-dentro-de-las-actividades-del-viii-centenario-de-la-universidad\/\"]}]},{\"@type\":\"ImageObject\",\"inLanguage\":\"en-GB\",\"@id\":\"https:\/\/www.enusa.es\/enusa-patrocina-la-opera-radamisto-de-handel-que-se-representara-en-salamanca-dentro-de-las-actividades-del-viii-centenario-de-la-universidad\/#primaryimage\",\"url\":\"http:\/\/www.enusa.es\/wp-content\/uploads\/2018\/03\/NORM-lukasbeck-300x105.jpg\",\"contentUrl\":\"http:\/\/www.enusa.es\/wp-content\/uploads\/2018\/03\/NORM-lukasbeck-300x105.jpg\"},{\"@type\":\"BreadcrumbList\",\"@id\":\"https:\/\/www.enusa.es\/enusa-patrocina-la-opera-radamisto-de-handel-que-se-representara-en-salamanca-dentro-de-las-actividades-del-viii-centenario-de-la-universidad\/#breadcrumb\",\"itemListElement\":[{\"@type\":\"ListItem\",\"position\":1,\"name\":\"Portada\",\"item\":\"https:\/\/www.enusa.es\/\"},{\"@type\":\"ListItem\",\"position\":2,\"name\":\"ENUSA patrocina la \u00f3pera \u201cRadamisto\u201d de H\u00e4ndel que se representar\u00e1 en Salamanca dentro de las actividades del VIII Centenario de la Universidad\"}]},{\"@type\":\"WebSite\",\"@id\":\"https:\/\/www.enusa.es\/#website\",\"url\":\"https:\/\/www.enusa.es\/\",\"name\":\"ENUSA | A company for the future\",\"description\":\"Nuestro prop\u00f3sito es desarrollar soluciones innovadoras nucleares y medioambientales, contribuyendo al progreso sostenible de la sociedad\",\"potentialAction\":[{\"@type\":\"SearchAction\",\"target\":{\"@type\":\"EntryPoint\",\"urlTemplate\":\"https:\/\/www.enusa.es\/?s={search_term_string}\"},\"query-input\":{\"@type\":\"PropertyValueSpecification\",\"valueRequired\":true,\"valueName\":\"search_term_string\"}}],\"inLanguage\":\"en-GB\"},{\"@type\":\"Person\",\"@id\":\"https:\/\/www.enusa.es\/#\/schema\/person\/73d26d37c3085056c46d2e7d987fe9ce\",\"name\":\"admin\",\"image\":{\"@type\":\"ImageObject\",\"inLanguage\":\"en-GB\",\"@id\":\"https:\/\/www.enusa.es\/#\/schema\/person\/image\/\",\"url\":\"https:\/\/secure.gravatar.com\/avatar\/ab34fdb663e8f5aaac216ce3bba8eea7364d56eb0be3fb7cee79ae0cbe1bd50d?s=96&d=mm&r=g\",\"contentUrl\":\"https:\/\/secure.gravatar.com\/avatar\/ab34fdb663e8f5aaac216ce3bba8eea7364d56eb0be3fb7cee79ae0cbe1bd50d?s=96&d=mm&r=g\",\"caption\":\"admin\"},\"sameAs\":[\"https:\/\/www.enusa.es\"],\"url\":\"https:\/\/www.enusa.es\/en\/author\/divi-d55labs\/\"}]}<\/script>\n<!-- \/ Yoast SEO plugin. -->","yoast_head_json":{"title":"ENUSA patrocina la \u00f3pera \u201cRadamisto\u201d de H\u00e4ndel que se representar\u00e1 en Salamanca dentro de las actividades del VIII Centenario de la Universidad - ENUSA | A company for the future","robots":{"index":"index","follow":"follow","max-snippet":"max-snippet:-1","max-image-preview":"max-image-preview:large","max-video-preview":"max-video-preview:-1"},"canonical":"https:\/\/www.enusa.es\/en\/enusa-patrocina-la-opera-radamisto-de-handel-que-se-representara-en-salamanca-dentro-de-las-actividades-del-viii-centenario-de-la-universidad\/","og_locale":"en_GB","og_type":"article","og_title":"ENUSA patrocina la \u00f3pera \u201cRadamisto\u201d de H\u00e4ndel que se representar\u00e1 en Salamanca dentro de las actividades del VIII Centenario de la Universidad - ENUSA | A company for the future","og_description":"23\/03\/18. ENUSA co-patrocina la representaci\u00f3n de la \u00f3pera \u201cRadamisto\u201d, obra cumbre del compositor alem\u00e1n H\u00e4ndel, que tendr\u00e1 lugar el pr\u00f3ximo 23 de abril en el Centro de las Artes Esc\u00e9nicas y de la M\u00fasica (CAEM) de Salamanca. Esta representaci\u00f3n ser\u00e1 la \u00faltima de las citas del programa musical extraordinario \u2018Salamanca 800\u2019, organizado conjuntamente por la [&hellip;]","og_url":"https:\/\/www.enusa.es\/en\/enusa-patrocina-la-opera-radamisto-de-handel-que-se-representara-en-salamanca-dentro-de-las-actividades-del-viii-centenario-de-la-universidad\/","og_site_name":"ENUSA | A company for the future","article_published_time":"2018-03-26T07:16:28+00:00","article_modified_time":"2024-02-07T11:58:48+00:00","og_image":[{"url":"http:\/\/www.enusa.es\/wp-content\/uploads\/2018\/03\/NORM-lukasbeck-300x105.jpg","type":"","width":"","height":""}],"author":"admin","twitter_card":"summary_large_image","twitter_misc":{"Written by":"admin","Estimated reading time":"2 minutes"},"schema":{"@context":"https:\/\/schema.org","@graph":[{"@type":"Article","@id":"https:\/\/www.enusa.es\/enusa-patrocina-la-opera-radamisto-de-handel-que-se-representara-en-salamanca-dentro-de-las-actividades-del-viii-centenario-de-la-universidad\/#article","isPartOf":{"@id":"https:\/\/www.enusa.es\/enusa-patrocina-la-opera-radamisto-de-handel-que-se-representara-en-salamanca-dentro-de-las-actividades-del-viii-centenario-de-la-universidad\/"},"author":{"name":"admin","@id":"https:\/\/www.enusa.es\/#\/schema\/person\/73d26d37c3085056c46d2e7d987fe9ce"},"headline":"ENUSA patrocina la \u00f3pera \u201cRadamisto\u201d de H\u00e4ndel que se representar\u00e1 en Salamanca dentro de las actividades del VIII Centenario de la Universidad","datePublished":"2018-03-26T07:16:28+00:00","dateModified":"2024-02-07T11:58:48+00:00","mainEntityOfPage":{"@id":"https:\/\/www.enusa.es\/enusa-patrocina-la-opera-radamisto-de-handel-que-se-representara-en-salamanca-dentro-de-las-actividades-del-viii-centenario-de-la-universidad\/"},"wordCount":395,"image":{"@id":"https:\/\/www.enusa.es\/enusa-patrocina-la-opera-radamisto-de-handel-que-se-representara-en-salamanca-dentro-de-las-actividades-del-viii-centenario-de-la-universidad\/#primaryimage"},"thumbnailUrl":"http:\/\/www.enusa.es\/wp-content\/uploads\/2018\/03\/NORM-lukasbeck-300x105.jpg","articleSection":["Notas de prensa"],"inLanguage":"en-GB"},{"@type":"WebPage","@id":"https:\/\/www.enusa.es\/enusa-patrocina-la-opera-radamisto-de-handel-que-se-representara-en-salamanca-dentro-de-las-actividades-del-viii-centenario-de-la-universidad\/","url":"https:\/\/www.enusa.es\/enusa-patrocina-la-opera-radamisto-de-handel-que-se-representara-en-salamanca-dentro-de-las-actividades-del-viii-centenario-de-la-universidad\/","name":"ENUSA patrocina la \u00f3pera \u201cRadamisto\u201d de H\u00e4ndel que se representar\u00e1 en Salamanca dentro de las actividades del VIII Centenario de la Universidad - ENUSA | A company for the future","isPartOf":{"@id":"https:\/\/www.enusa.es\/#website"},"primaryImageOfPage":{"@id":"https:\/\/www.enusa.es\/enusa-patrocina-la-opera-radamisto-de-handel-que-se-representara-en-salamanca-dentro-de-las-actividades-del-viii-centenario-de-la-universidad\/#primaryimage"},"image":{"@id":"https:\/\/www.enusa.es\/enusa-patrocina-la-opera-radamisto-de-handel-que-se-representara-en-salamanca-dentro-de-las-actividades-del-viii-centenario-de-la-universidad\/#primaryimage"},"thumbnailUrl":"http:\/\/www.enusa.es\/wp-content\/uploads\/2018\/03\/NORM-lukasbeck-300x105.jpg","datePublished":"2018-03-26T07:16:28+00:00","dateModified":"2024-02-07T11:58:48+00:00","author":{"@id":"https:\/\/www.enusa.es\/#\/schema\/person\/73d26d37c3085056c46d2e7d987fe9ce"},"breadcrumb":{"@id":"https:\/\/www.enusa.es\/enusa-patrocina-la-opera-radamisto-de-handel-que-se-representara-en-salamanca-dentro-de-las-actividades-del-viii-centenario-de-la-universidad\/#breadcrumb"},"inLanguage":"en-GB","potentialAction":[{"@type":"ReadAction","target":["https:\/\/www.enusa.es\/enusa-patrocina-la-opera-radamisto-de-handel-que-se-representara-en-salamanca-dentro-de-las-actividades-del-viii-centenario-de-la-universidad\/"]}]},{"@type":"ImageObject","inLanguage":"en-GB","@id":"https:\/\/www.enusa.es\/enusa-patrocina-la-opera-radamisto-de-handel-que-se-representara-en-salamanca-dentro-de-las-actividades-del-viii-centenario-de-la-universidad\/#primaryimage","url":"http:\/\/www.enusa.es\/wp-content\/uploads\/2018\/03\/NORM-lukasbeck-300x105.jpg","contentUrl":"http:\/\/www.enusa.es\/wp-content\/uploads\/2018\/03\/NORM-lukasbeck-300x105.jpg"},{"@type":"BreadcrumbList","@id":"https:\/\/www.enusa.es\/enusa-patrocina-la-opera-radamisto-de-handel-que-se-representara-en-salamanca-dentro-de-las-actividades-del-viii-centenario-de-la-universidad\/#breadcrumb","itemListElement":[{"@type":"ListItem","position":1,"name":"Portada","item":"https:\/\/www.enusa.es\/"},{"@type":"ListItem","position":2,"name":"ENUSA patrocina la \u00f3pera \u201cRadamisto\u201d de H\u00e4ndel que se representar\u00e1 en Salamanca dentro de las actividades del VIII Centenario de la Universidad"}]},{"@type":"WebSite","@id":"https:\/\/www.enusa.es\/#website","url":"https:\/\/www.enusa.es\/","name":"ENUSA | A company for the future","description":"Nuestro prop\u00f3sito es desarrollar soluciones innovadoras nucleares y medioambientales, contribuyendo al progreso sostenible de la sociedad","potentialAction":[{"@type":"SearchAction","target":{"@type":"EntryPoint","urlTemplate":"https:\/\/www.enusa.es\/?s={search_term_string}"},"query-input":{"@type":"PropertyValueSpecification","valueRequired":true,"valueName":"search_term_string"}}],"inLanguage":"en-GB"},{"@type":"Person","@id":"https:\/\/www.enusa.es\/#\/schema\/person\/73d26d37c3085056c46d2e7d987fe9ce","name":"admin","image":{"@type":"ImageObject","inLanguage":"en-GB","@id":"https:\/\/www.enusa.es\/#\/schema\/person\/image\/","url":"https:\/\/secure.gravatar.com\/avatar\/ab34fdb663e8f5aaac216ce3bba8eea7364d56eb0be3fb7cee79ae0cbe1bd50d?s=96&d=mm&r=g","contentUrl":"https:\/\/secure.gravatar.com\/avatar\/ab34fdb663e8f5aaac216ce3bba8eea7364d56eb0be3fb7cee79ae0cbe1bd50d?s=96&d=mm&r=g","caption":"admin"},"sameAs":["https:\/\/www.enusa.es"],"url":"https:\/\/www.enusa.es\/en\/author\/divi-d55labs\/"}]}},"_links":{"self":[{"href":"https:\/\/www.enusa.es\/en\/wp-json\/wp\/v2\/posts\/3398","targetHints":{"allow":["GET"]}}],"collection":[{"href":"https:\/\/www.enusa.es\/en\/wp-json\/wp\/v2\/posts"}],"about":[{"href":"https:\/\/www.enusa.es\/en\/wp-json\/wp\/v2\/types\/post"}],"author":[{"embeddable":true,"href":"https:\/\/www.enusa.es\/en\/wp-json\/wp\/v2\/users\/1"}],"replies":[{"embeddable":true,"href":"https:\/\/www.enusa.es\/en\/wp-json\/wp\/v2\/comments?post=3398"}],"version-history":[{"count":1,"href":"https:\/\/www.enusa.es\/en\/wp-json\/wp\/v2\/posts\/3398\/revisions"}],"predecessor-version":[{"id":19853,"href":"https:\/\/www.enusa.es\/en\/wp-json\/wp\/v2\/posts\/3398\/revisions\/19853"}],"wp:attachment":[{"href":"https:\/\/www.enusa.es\/en\/wp-json\/wp\/v2\/media?parent=3398"}],"wp:term":[{"taxonomy":"category","embeddable":true,"href":"https:\/\/www.enusa.es\/en\/wp-json\/wp\/v2\/categories?post=3398"},{"taxonomy":"post_tag","embeddable":true,"href":"https:\/\/www.enusa.es\/en\/wp-json\/wp\/v2\/tags?post=3398"}],"curies":[{"name":"wp","href":"https:\/\/api.w.org\/{rel}","templated":true}]}}